{"id":2906,"date":"2019-07-29T16:31:52","date_gmt":"2019-07-29T14:31:52","guid":{"rendered":"http:\/\/www.rattiluino.com\/?p=2906"},"modified":"2019-07-29T17:04:37","modified_gmt":"2019-07-29T15:04:37","slug":"el-150-aniversario-de-ratti-en-una-obra-de-teatro","status":"publish","type":"post","link":"https:\/\/www.rattiluino.com\/es\/2019\/07\/29\/el-150-aniversario-de-ratti-en-una-obra-de-teatro\/","title":{"rendered":"El 150 aniversario de Ratti en una obra de teatro"},"content":{"rendered":"<p>Ratti Luino S.r.l. fue la protagonista de su actuaci\u00f3n teatral en la colonia de helioterapia de Germignaga, el pasado 5 de julio.<br \/>\nLa compa\u00f1\u00eda ha sido testigo del 150 aniversario de su rica historia, que se ha rese\u00f1ado en el espect\u00e1culo \u00abFili, trame, legami\u00bb.<\/p>\n<p>El espect\u00e1culo se escenific\u00f3 contando la historia de la compa\u00f1\u00eda desde su nacimiento hasta la actualidad, repasando todos los aspectos m\u00e1s destacados que la han representada.<\/p>\n<p>Aqu\u00ec esta el video-resumen de el d\u00eca:\u00a0<a href=\"https:\/\/www.youtube.com\/watch?time_continue=150&amp;v=GB7xCXcw7F8\">https:\/\/www.youtube.com\/watch?time_continue=150&amp;v=GB7xCXcw7F8<\/a><\/p>\n","protected":false},"excerpt":{"rendered":"<p>Ratti Luino S.r.l. fue la protagonista de su actuaci\u00f3n teatral en la colonia de helioterapia de Germignaga, el pasado 5 de julio. La compa\u00f1\u00eda ha sido testigo del 150 aniversario  [&#8230;]<\/p>\n","protected":false},"author":2,"featured_media":2878,"comment_status":"open","ping_status":"open","sticky":false,"template":"","format":"standard","meta":{"_exactmetrics_skip_tracking":false,"_exactmetrics_sitenote_active":false,"_exactmetrics_sitenote_note":"","_exactmetrics_sitenote_category":0,"footnotes":""},"categories":[67],"tags":[],"class_list":["post-2906","post","type-post","status-publish","format-standard","has-post-thumbnail","hentry","category-news-es"],"yoast_head":"<!-- This site is optimized with the Yoast SEO plugin v26.8 - https:\/\/yoast.com\/product\/yoast-seo-wordpress\/ -->\n<title>El 150 aniversario de Ratti en una obra de teatro - Ratti Luino S.R.L.<\/title>\n<meta name=\"robots\" content=\"index, follow, max-snippet:-1, max-image-preview:large, max-video-preview:-1\" \/>\n<link rel=\"canonical\" href=\"https:\/\/www.rattiluino.com\/es\/2019\/07\/29\/el-150-aniversario-de-ratti-en-una-obra-de-teatro\/\" \/>\n<meta property=\"og:locale\" content=\"es_ES\" \/>\n<meta property=\"og:type\" content=\"article\" \/>\n<meta property=\"og:title\" content=\"El 150 aniversario de Ratti en una obra de teatro - Ratti Luino S.R.L.\" \/>\n<meta property=\"og:description\" content=\"Ratti Luino S.r.l. fue la protagonista de su actuaci\u00f3n teatral en la colonia de helioterapia de Germignaga, el pasado 5 de julio. La compa\u00f1\u00eda ha sido testigo del 150 aniversario [...]\" \/>\n<meta property=\"og:url\" content=\"https:\/\/www.rattiluino.com\/es\/2019\/07\/29\/el-150-aniversario-de-ratti-en-una-obra-de-teatro\/\" \/>\n<meta property=\"og:site_name\" content=\"Ratti Luino S.R.L.\" \/>\n<meta property=\"article:published_time\" content=\"2019-07-29T14:31:52+00:00\" \/>\n<meta property=\"article:modified_time\" content=\"2019-07-29T15:04:37+00:00\" \/>\n<meta property=\"og:image\" content=\"https:\/\/www.rattiluino.com\/wp-content\/uploads\/2019\/07\/foto-2-teatro.jpg\" \/>\n\t<meta property=\"og:image:width\" content=\"1200\" \/>\n\t<meta property=\"og:image:height\" content=\"1800\" \/>\n\t<meta property=\"og:image:type\" content=\"image\/jpeg\" \/>\n<meta name=\"author\" content=\"rattiluino\" \/>\n<meta name=\"twitter:card\" content=\"summary_large_image\" \/>\n<meta name=\"twitter:label1\" content=\"Escrito por\" \/>\n\t<meta name=\"twitter:data1\" content=\"rattiluino\" \/>\n<script type=\"application\/ld+json\" class=\"yoast-schema-graph\">{\"@context\":\"https:\/\/schema.org\",\"@graph\":[{\"@type\":\"Article\",\"@id\":\"https:\/\/www.rattiluino.com\/es\/2019\/07\/29\/el-150-aniversario-de-ratti-en-una-obra-de-teatro\/#article\",\"isPartOf\":{\"@id\":\"https:\/\/www.rattiluino.com\/es\/2019\/07\/29\/el-150-aniversario-de-ratti-en-una-obra-de-teatro\/\"},\"author\":{\"name\":\"rattiluino\",\"@id\":\"https:\/\/www.rattiluino.com\/#\/schema\/person\/fa88e6bdf5aacc492a09f8f5dc2bbf2e\"},\"headline\":\"El 150 aniversario de Ratti en una obra de teatro\",\"datePublished\":\"2019-07-29T14:31:52+00:00\",\"dateModified\":\"2019-07-29T15:04:37+00:00\",\"mainEntityOfPage\":{\"@id\":\"https:\/\/www.rattiluino.com\/es\/2019\/07\/29\/el-150-aniversario-de-ratti-en-una-obra-de-teatro\/\"},\"wordCount\":106,\"commentCount\":0,\"publisher\":{\"@id\":\"https:\/\/www.rattiluino.com\/#organization\"},\"image\":{\"@id\":\"https:\/\/www.rattiluino.com\/es\/2019\/07\/29\/el-150-aniversario-de-ratti-en-una-obra-de-teatro\/#primaryimage\"},\"thumbnailUrl\":\"https:\/\/www.rattiluino.com\/wp-content\/uploads\/2019\/07\/foto-2-teatro.jpg\",\"articleSection\":[\"News\"],\"inLanguage\":\"es\",\"potentialAction\":[{\"@type\":\"CommentAction\",\"name\":\"Comment\",\"target\":[\"https:\/\/www.rattiluino.com\/es\/2019\/07\/29\/el-150-aniversario-de-ratti-en-una-obra-de-teatro\/#respond\"]}]},{\"@type\":\"WebPage\",\"@id\":\"https:\/\/www.rattiluino.com\/es\/2019\/07\/29\/el-150-aniversario-de-ratti-en-una-obra-de-teatro\/\",\"url\":\"https:\/\/www.rattiluino.com\/es\/2019\/07\/29\/el-150-aniversario-de-ratti-en-una-obra-de-teatro\/\",\"name\":\"El 150 aniversario de Ratti en una obra de teatro - Ratti Luino S.R.L.\",\"isPartOf\":{\"@id\":\"https:\/\/www.rattiluino.com\/#website\"},\"primaryImageOfPage\":{\"@id\":\"https:\/\/www.rattiluino.com\/es\/2019\/07\/29\/el-150-aniversario-de-ratti-en-una-obra-de-teatro\/#primaryimage\"},\"image\":{\"@id\":\"https:\/\/www.rattiluino.com\/es\/2019\/07\/29\/el-150-aniversario-de-ratti-en-una-obra-de-teatro\/#primaryimage\"},\"thumbnailUrl\":\"https:\/\/www.rattiluino.com\/wp-content\/uploads\/2019\/07\/foto-2-teatro.jpg\",\"datePublished\":\"2019-07-29T14:31:52+00:00\",\"dateModified\":\"2019-07-29T15:04:37+00:00\",\"breadcrumb\":{\"@id\":\"https:\/\/www.rattiluino.com\/es\/2019\/07\/29\/el-150-aniversario-de-ratti-en-una-obra-de-teatro\/#breadcrumb\"},\"inLanguage\":\"es\",\"potentialAction\":[{\"@type\":\"ReadAction\",\"target\":[\"https:\/\/www.rattiluino.com\/es\/2019\/07\/29\/el-150-aniversario-de-ratti-en-una-obra-de-teatro\/\"]}]},{\"@type\":\"ImageObject\",\"inLanguage\":\"es\",\"@id\":\"https:\/\/www.rattiluino.com\/es\/2019\/07\/29\/el-150-aniversario-de-ratti-en-una-obra-de-teatro\/#primaryimage\",\"url\":\"https:\/\/www.rattiluino.com\/wp-content\/uploads\/2019\/07\/foto-2-teatro.jpg\",\"contentUrl\":\"https:\/\/www.rattiluino.com\/wp-content\/uploads\/2019\/07\/foto-2-teatro.jpg\",\"width\":1200,\"height\":1800},{\"@type\":\"BreadcrumbList\",\"@id\":\"https:\/\/www.rattiluino.com\/es\/2019\/07\/29\/el-150-aniversario-de-ratti-en-una-obra-de-teatro\/#breadcrumb\",\"itemListElement\":[{\"@type\":\"ListItem\",\"position\":1,\"name\":\"Home\",\"item\":\"https:\/\/www.rattiluino.com\/es\/\"},{\"@type\":\"ListItem\",\"position\":2,\"name\":\"El 150 aniversario de Ratti en una obra de teatro\"}]},{\"@type\":\"WebSite\",\"@id\":\"https:\/\/www.rattiluino.com\/#website\",\"url\":\"https:\/\/www.rattiluino.com\/\",\"name\":\"Ratti Luino S.R.L.\",\"description\":\"Leaders in twisting technology since 1869\",\"publisher\":{\"@id\":\"https:\/\/www.rattiluino.com\/#organization\"},\"potentialAction\":[{\"@type\":\"SearchAction\",\"target\":{\"@type\":\"EntryPoint\",\"urlTemplate\":\"https:\/\/www.rattiluino.com\/?s={search_term_string}\"},\"query-input\":{\"@type\":\"PropertyValueSpecification\",\"valueRequired\":true,\"valueName\":\"search_term_string\"}}],\"inLanguage\":\"es\"},{\"@type\":\"Organization\",\"@id\":\"https:\/\/www.rattiluino.com\/#organization\",\"name\":\"Ratti Luino S.R.L.\",\"url\":\"https:\/\/www.rattiluino.com\/\",\"logo\":{\"@type\":\"ImageObject\",\"inLanguage\":\"es\",\"@id\":\"https:\/\/www.rattiluino.com\/#\/schema\/logo\/image\/\",\"url\":\"https:\/\/www.rattiluino.com\/wp-content\/uploads\/2017\/07\/logo-ratti-rete-di-vendita.png\",\"contentUrl\":\"https:\/\/www.rattiluino.com\/wp-content\/uploads\/2017\/07\/logo-ratti-rete-di-vendita.png\",\"width\":365,\"height\":365,\"caption\":\"Ratti Luino S.R.L.\"},\"image\":{\"@id\":\"https:\/\/www.rattiluino.com\/#\/schema\/logo\/image\/\"},\"sameAs\":[\"https:\/\/www.linkedin.com\/company\/ratti-luino-s-r-l\/\"]},{\"@type\":\"Person\",\"@id\":\"https:\/\/www.rattiluino.com\/#\/schema\/person\/fa88e6bdf5aacc492a09f8f5dc2bbf2e\",\"name\":\"rattiluino\",\"image\":{\"@type\":\"ImageObject\",\"inLanguage\":\"es\",\"@id\":\"https:\/\/www.rattiluino.com\/#\/schema\/person\/image\/\",\"url\":\"https:\/\/secure.gravatar.com\/avatar\/1a911b51378db83beef2aeb9ff010fa6?s=96&d=mm&r=g\",\"contentUrl\":\"https:\/\/secure.gravatar.com\/avatar\/1a911b51378db83beef2aeb9ff010fa6?s=96&d=mm&r=g\",\"caption\":\"rattiluino\"},\"url\":\"https:\/\/www.rattiluino.com\/es\/author\/rattiluino\/\"}]}<\/script>\n<!-- \/ Yoast SEO plugin. -->","yoast_head_json":{"title":"El 150 aniversario de Ratti en una obra de teatro - Ratti Luino S.R.L.","robots":{"index":"index","follow":"follow","max-snippet":"max-snippet:-1","max-image-preview":"max-image-preview:large","max-video-preview":"max-video-preview:-1"},"canonical":"https:\/\/www.rattiluino.com\/es\/2019\/07\/29\/el-150-aniversario-de-ratti-en-una-obra-de-teatro\/","og_locale":"es_ES","og_type":"article","og_title":"El 150 aniversario de Ratti en una obra de teatro - Ratti Luino S.R.L.","og_description":"Ratti Luino S.r.l. fue la protagonista de su actuaci\u00f3n teatral en la colonia de helioterapia de Germignaga, el pasado 5 de julio. La compa\u00f1\u00eda ha sido testigo del 150 aniversario [...]","og_url":"https:\/\/www.rattiluino.com\/es\/2019\/07\/29\/el-150-aniversario-de-ratti-en-una-obra-de-teatro\/","og_site_name":"Ratti Luino S.R.L.","article_published_time":"2019-07-29T14:31:52+00:00","article_modified_time":"2019-07-29T15:04:37+00:00","og_image":[{"width":1200,"height":1800,"url":"https:\/\/www.rattiluino.com\/wp-content\/uploads\/2019\/07\/foto-2-teatro.jpg","type":"image\/jpeg"}],"author":"rattiluino","twitter_card":"summary_large_image","twitter_misc":{"Escrito por":"rattiluino"},"schema":{"@context":"https:\/\/schema.org","@graph":[{"@type":"Article","@id":"https:\/\/www.rattiluino.com\/es\/2019\/07\/29\/el-150-aniversario-de-ratti-en-una-obra-de-teatro\/#article","isPartOf":{"@id":"https:\/\/www.rattiluino.com\/es\/2019\/07\/29\/el-150-aniversario-de-ratti-en-una-obra-de-teatro\/"},"author":{"name":"rattiluino","@id":"https:\/\/www.rattiluino.com\/#\/schema\/person\/fa88e6bdf5aacc492a09f8f5dc2bbf2e"},"headline":"El 150 aniversario de Ratti en una obra de teatro","datePublished":"2019-07-29T14:31:52+00:00","dateModified":"2019-07-29T15:04:37+00:00","mainEntityOfPage":{"@id":"https:\/\/www.rattiluino.com\/es\/2019\/07\/29\/el-150-aniversario-de-ratti-en-una-obra-de-teatro\/"},"wordCount":106,"commentCount":0,"publisher":{"@id":"https:\/\/www.rattiluino.com\/#organization"},"image":{"@id":"https:\/\/www.rattiluino.com\/es\/2019\/07\/29\/el-150-aniversario-de-ratti-en-una-obra-de-teatro\/#primaryimage"},"thumbnailUrl":"https:\/\/www.rattiluino.com\/wp-content\/uploads\/2019\/07\/foto-2-teatro.jpg","articleSection":["News"],"inLanguage":"es","potentialAction":[{"@type":"CommentAction","name":"Comment","target":["https:\/\/www.rattiluino.com\/es\/2019\/07\/29\/el-150-aniversario-de-ratti-en-una-obra-de-teatro\/#respond"]}]},{"@type":"WebPage","@id":"https:\/\/www.rattiluino.com\/es\/2019\/07\/29\/el-150-aniversario-de-ratti-en-una-obra-de-teatro\/","url":"https:\/\/www.rattiluino.com\/es\/2019\/07\/29\/el-150-aniversario-de-ratti-en-una-obra-de-teatro\/","name":"El 150 aniversario de Ratti en una obra de teatro - Ratti Luino S.R.L.","isPartOf":{"@id":"https:\/\/www.rattiluino.com\/#website"},"primaryImageOfPage":{"@id":"https:\/\/www.rattiluino.com\/es\/2019\/07\/29\/el-150-aniversario-de-ratti-en-una-obra-de-teatro\/#primaryimage"},"image":{"@id":"https:\/\/www.rattiluino.com\/es\/2019\/07\/29\/el-150-aniversario-de-ratti-en-una-obra-de-teatro\/#primaryimage"},"thumbnailUrl":"https:\/\/www.rattiluino.com\/wp-content\/uploads\/2019\/07\/foto-2-teatro.jpg","datePublished":"2019-07-29T14:31:52+00:00","dateModified":"2019-07-29T15:04:37+00:00","breadcrumb":{"@id":"https:\/\/www.rattiluino.com\/es\/2019\/07\/29\/el-150-aniversario-de-ratti-en-una-obra-de-teatro\/#breadcrumb"},"inLanguage":"es","potentialAction":[{"@type":"ReadAction","target":["https:\/\/www.rattiluino.com\/es\/2019\/07\/29\/el-150-aniversario-de-ratti-en-una-obra-de-teatro\/"]}]},{"@type":"ImageObject","inLanguage":"es","@id":"https:\/\/www.rattiluino.com\/es\/2019\/07\/29\/el-150-aniversario-de-ratti-en-una-obra-de-teatro\/#primaryimage","url":"https:\/\/www.rattiluino.com\/wp-content\/uploads\/2019\/07\/foto-2-teatro.jpg","contentUrl":"https:\/\/www.rattiluino.com\/wp-content\/uploads\/2019\/07\/foto-2-teatro.jpg","width":1200,"height":1800},{"@type":"BreadcrumbList","@id":"https:\/\/www.rattiluino.com\/es\/2019\/07\/29\/el-150-aniversario-de-ratti-en-una-obra-de-teatro\/#breadcrumb","itemListElement":[{"@type":"ListItem","position":1,"name":"Home","item":"https:\/\/www.rattiluino.com\/es\/"},{"@type":"ListItem","position":2,"name":"El 150 aniversario de Ratti en una obra de teatro"}]},{"@type":"WebSite","@id":"https:\/\/www.rattiluino.com\/#website","url":"https:\/\/www.rattiluino.com\/","name":"Ratti Luino S.R.L.","description":"Leaders in twisting technology since 1869","publisher":{"@id":"https:\/\/www.rattiluino.com\/#organization"},"potentialAction":[{"@type":"SearchAction","target":{"@type":"EntryPoint","urlTemplate":"https:\/\/www.rattiluino.com\/?s={search_term_string}"},"query-input":{"@type":"PropertyValueSpecification","valueRequired":true,"valueName":"search_term_string"}}],"inLanguage":"es"},{"@type":"Organization","@id":"https:\/\/www.rattiluino.com\/#organization","name":"Ratti Luino S.R.L.","url":"https:\/\/www.rattiluino.com\/","logo":{"@type":"ImageObject","inLanguage":"es","@id":"https:\/\/www.rattiluino.com\/#\/schema\/logo\/image\/","url":"https:\/\/www.rattiluino.com\/wp-content\/uploads\/2017\/07\/logo-ratti-rete-di-vendita.png","contentUrl":"https:\/\/www.rattiluino.com\/wp-content\/uploads\/2017\/07\/logo-ratti-rete-di-vendita.png","width":365,"height":365,"caption":"Ratti Luino S.R.L."},"image":{"@id":"https:\/\/www.rattiluino.com\/#\/schema\/logo\/image\/"},"sameAs":["https:\/\/www.linkedin.com\/company\/ratti-luino-s-r-l\/"]},{"@type":"Person","@id":"https:\/\/www.rattiluino.com\/#\/schema\/person\/fa88e6bdf5aacc492a09f8f5dc2bbf2e","name":"rattiluino","image":{"@type":"ImageObject","inLanguage":"es","@id":"https:\/\/www.rattiluino.com\/#\/schema\/person\/image\/","url":"https:\/\/secure.gravatar.com\/avatar\/1a911b51378db83beef2aeb9ff010fa6?s=96&d=mm&r=g","contentUrl":"https:\/\/secure.gravatar.com\/avatar\/1a911b51378db83beef2aeb9ff010fa6?s=96&d=mm&r=g","caption":"rattiluino"},"url":"https:\/\/www.rattiluino.com\/es\/author\/rattiluino\/"}]}},"_links":{"self":[{"href":"https:\/\/www.rattiluino.com\/es\/wp-json\/wp\/v2\/posts\/2906","targetHints":{"allow":["GET"]}}],"collection":[{"href":"https:\/\/www.rattiluino.com\/es\/wp-json\/wp\/v2\/posts"}],"about":[{"href":"https:\/\/www.rattiluino.com\/es\/wp-json\/wp\/v2\/types\/post"}],"author":[{"embeddable":true,"href":"https:\/\/www.rattiluino.com\/es\/wp-json\/wp\/v2\/users\/2"}],"replies":[{"embeddable":true,"href":"https:\/\/www.rattiluino.com\/es\/wp-json\/wp\/v2\/comments?post=2906"}],"version-history":[{"count":0,"href":"https:\/\/www.rattiluino.com\/es\/wp-json\/wp\/v2\/posts\/2906\/revisions"}],"wp:featuredmedia":[{"embeddable":true,"href":"https:\/\/www.rattiluino.com\/es\/wp-json\/wp\/v2\/media\/2878"}],"wp:attachment":[{"href":"https:\/\/www.rattiluino.com\/es\/wp-json\/wp\/v2\/media?parent=2906"}],"wp:term":[{"taxonomy":"category","embeddable":true,"href":"https:\/\/www.rattiluino.com\/es\/wp-json\/wp\/v2\/categories?post=2906"},{"taxonomy":"post_tag","embeddable":true,"href":"https:\/\/www.rattiluino.com\/es\/wp-json\/wp\/v2\/tags?post=2906"}],"curies":[{"name":"wp","href":"https:\/\/api.w.org\/{rel}","templated":true}]}}